{"id":2209,"date":"2020-04-03T09:32:06","date_gmt":"2020-04-03T07:32:06","guid":{"rendered":"http:\/\/afdi.eggs-solutions.fr\/2020\/04\/03\/solidarite\/"},"modified":"2020-07-22T15:37:55","modified_gmt":"2020-07-22T13:37:55","slug":"solidarite","status":"publish","type":"post","link":"https:\/\/www.afdi.eu\/en\/solidarite\/","title":{"rendered":"SOLIDARIT\u00c9"},"content":{"rendered":"\n<figure class=\"wp-block-gallery columns-1 is-cropped wp-block-gallery-1 is-layout-flex wp-block-gallery-is-layout-flex\"><ul class=\"blocks-gallery-grid\"><li class=\"blocks-gallery-item\"><figure><img loading=\"lazy\" decoding=\"async\" width=\"1024\" height=\"170\" src=\"http:\/\/www.groupe-vacher.com\/wp-content\/uploads\/2020\/04\/Logos-Partenaires-solidaires-Groupe-Vacher-1024x170.png\" alt=\"\" data-id=\"1892\" data-full-url=\"http:\/\/www.groupe-vacher.com\/wp-content\/uploads\/2020\/04\/Logos-Partenaires-solidaires-Groupe-Vacher.png\" data-link=\"http:\/\/www.groupe-vacher.com\/2020\/04\/03\/solidarite\/logos-partenaires-solidaires-groupe-vacher\/\" class=\"wp-image-1892\" srcset=\"https:\/\/www.afdi.eu\/wp-content\/uploads\/2020\/04\/Logos-Partenaires-solidaires-Groupe-Vacher-1024x170.png 1024w, https:\/\/www.afdi.eu\/wp-content\/uploads\/2020\/04\/Logos-Partenaires-solidaires-Groupe-Vacher-300x50.png 300w, https:\/\/www.afdi.eu\/wp-content\/uploads\/2020\/04\/Logos-Partenaires-solidaires-Groupe-Vacher-768x127.png 768w, https:\/\/www.afdi.eu\/wp-content\/uploads\/2020\/04\/Logos-Partenaires-solidaires-Groupe-Vacher-1536x254.png 1536w, https:\/\/www.afdi.eu\/wp-content\/uploads\/2020\/04\/Logos-Partenaires-solidaires-Groupe-Vacher-2048x339.png 2048w\" sizes=\"auto, (max-width: 1024px) 100vw, 1024px\" \/><\/figure><\/li><\/ul><\/figure>\n\n\n\n<p><\/p>\n\n\n\n<p><strong>Les industriels du packaging dans la r\u00e9gion Auvergne-Rh\u00f4ne-Alpes s\u2019unissent et fabriquent une premi\u00e8re vague de 5 000 visi\u00e8res de protection<\/strong> <strong>pour les professionnels expos\u00e9s au virus<\/strong> <\/p>\n\n\n\n<p> Alors que l\u2019\u00e9pid\u00e9mie de coronavirus COVID-19 monte en puissance, l\u2019insuffisance de mat\u00e9riel de protection est une probl\u00e9matique majeure. Face \u00e0 cette situation, un regroupement d\u2019industriels du packaging dans la r\u00e9gion Auvergne-Rh\u00f4ne-Alpes s\u2019est organis\u00e9 en quelques jours, port\u00e9 par le groupe Vacher, pour apporter son soutien dans la lutte contre le COVID-19. L\u2019objectif : fabriquer des visi\u00e8res de protection pour aider les personnels soignants mais aussi tous les professionnels en contact avec le public (ambulanciers, caissiers, pompiers, etc). <\/p>\n\n\n\n<p>Fond\u00e9 en 1966 et 2\u00e8me formiste europ\u00e9en implant\u00e9 \u00e0 Saint-Etienne, le <strong>groupe Vacher est sp\u00e9cialis\u00e9 dans les formes de d\u00e9coupe et outillages, dorure &amp; gaufrage, gravures sur m\u00e9taux, moules et impression 3D. <\/strong>A l\u2019origine de ce projet solidaire, Fr\u00e9d\u00e9ric Vacher PDG du groupe est mis en contact avec un formiste espagnol (soci\u00e9t\u00e9 TAG) ayant cr\u00e9\u00e9 des plans pour la fabrication d\u2019une visi\u00e8re de protection \u00e0 destination des h\u00f4pitaux de sa r\u00e9gion. <strong>Une entraide interfronti\u00e8re<\/strong> s\u2019organise alors puisque la soci\u00e9t\u00e9 espagnole propose de <strong>transmettre ses plans au groupe Vacher<\/strong>, pour un lancement de la fabrication en France.&nbsp;<\/p>\n\n\n\n<p>Une fois les plans r\u00e9ceptionn\u00e9s, le <strong>groupe Vacher mobilise sa soci\u00e9t\u00e9 Vacher Marcel, <\/strong>experte dans la fabrication d\u2019outils de d\u00e9coupe pour le packaging carton.<\/p>\n\n\n\n<p>Cette derni\u00e8re <strong>fabrique les outillages<\/strong> et f\u00e9d\u00e8re son r\u00e9seau de professionnels dans l\u2019urgence pour confectionner ensemble le produit fini&nbsp;: <strong>l\u2019imprimerie Haubtmann <\/strong>\u00e0 Andrezieux <strong>fournit et d\u00e9coupe les feuilles de PVC<\/strong>, <strong>l\u2019imprimerie Serge Marcoux<\/strong> \u00e0 Saint Just Malmont <strong>fabrique le suremballage et r\u00e9alise le conditionnement<\/strong> et enfin <strong>la soci\u00e9t\u00e9 Plast embal<\/strong> \u00e0 Saint Just Malmont et <strong>la soci\u00e9t\u00e9 GD industrie<\/strong> \u00e0 Creil <strong>mettent \u00e0 disposition les \u00e9lastiques<\/strong>.<\/p>\n\n\n\n<div class=\"wp-block-image\"><figure class=\"aligncenter size-large is-resized\"><img loading=\"lazy\" decoding=\"async\" src=\"http:\/\/www.groupe-vacher.com\/wp-content\/uploads\/2020\/04\/VISIERE-S5-e1585898176874-485x1024.jpg\" alt=\"\" class=\"wp-image-1861\" width=\"167\" height=\"352\"\/><\/figure><\/div>\n\n\n\n<p> Le r\u00e9sultat&nbsp;: 5&nbsp;000 premi\u00e8res visi\u00e8res de protection sont produites en seulement 4 jours et sont actuellement disponibles pour alimenter les personnels soignants mais aussi tous les professionnels en contact avec le public (ambulanciers, caissiers, pompiers, etc). <\/p>\n\n\n\n<p>Pour faire une demande de dons, il suffit d\u2019\u00e9crire un mail aux adresses suivantes&nbsp;:<\/p>\n\n\n\n<ul class=\"wp-block-list\"><li><a href=\"mailto:Visierescovid19@groupe-vacher.com\">Visierescovid19@groupe-vacher.com<\/a><\/li><li><a href=\"mailto:Visierescovid19@haubtmann.com\">Visierescovid19@haubtmann.com<\/a><\/li><li><a href=\"mailto:Contact@serge-marcoux.fr\">Contact@serge-marcoux.fr<\/a><\/li><\/ul>\n\n\n\n<p> Le groupe Vacher souhaite mettre \u00e0 disposition l\u2019outillage ou les plans \u00e0 d\u2019autres entreprises, dans d\u2019autres r\u00e9gions, qui souhaiteraient se lancer dans la fabrication de visi\u00e8res de protection afin de f\u00e9d\u00e9rer des r\u00e9seaux similaires sur l\u2019ensemble du territoire fran\u00e7ais. <\/p>\n","protected":false},"excerpt":{"rendered":"<p>Les industriels du packaging dans la r\u00e9gion Auvergne-Rh\u00f4ne-Alpes s\u2019unissent et fabriquent une premi\u00e8re vague de [&hellip;]<\/p>\n","protected":false},"author":1,"featured_media":1496,"comment_status":"open","ping_status":"open","sticky":false,"template":"","format":"standard","meta":{"_acf_changed":false,"footnotes":""},"categories":[2],"tags":[],"class_list":["post-2209","post","type-post","status-publish","format-standard","has-post-thumbnail","hentry","category-uncategorized"],"acf":[],"_links":{"self":[{"href":"https:\/\/www.afdi.eu\/en\/wp-json\/wp\/v2\/posts\/2209","targetHints":{"allow":["GET"]}}],"collection":[{"href":"https:\/\/www.afdi.eu\/en\/wp-json\/wp\/v2\/posts"}],"about":[{"href":"https:\/\/www.afdi.eu\/en\/wp-json\/wp\/v2\/types\/post"}],"author":[{"embeddable":true,"href":"https:\/\/www.afdi.eu\/en\/wp-json\/wp\/v2\/users\/1"}],"replies":[{"embeddable":true,"href":"https:\/\/www.afdi.eu\/en\/wp-json\/wp\/v2\/comments?post=2209"}],"version-history":[{"count":2,"href":"https:\/\/www.afdi.eu\/en\/wp-json\/wp\/v2\/posts\/2209\/revisions"}],"predecessor-version":[{"id":2211,"href":"https:\/\/www.afdi.eu\/en\/wp-json\/wp\/v2\/posts\/2209\/revisions\/2211"}],"wp:featuredmedia":[{"embeddable":true,"href":"https:\/\/www.afdi.eu\/en\/wp-json\/wp\/v2\/media\/1496"}],"wp:attachment":[{"href":"https:\/\/www.afdi.eu\/en\/wp-json\/wp\/v2\/media?parent=2209"}],"wp:term":[{"taxonomy":"category","embeddable":true,"href":"https:\/\/www.afdi.eu\/en\/wp-json\/wp\/v2\/categories?post=2209"},{"taxonomy":"post_tag","embeddable":true,"href":"https:\/\/www.afdi.eu\/en\/wp-json\/wp\/v2\/tags?post=2209"}],"curies":[{"name":"wp","href":"https:\/\/api.w.org\/{rel}","templated":true}]}}